{"id":283,"date":"2025-01-16T09:42:42","date_gmt":"2025-01-16T08:42:42","guid":{"rendered":"https:\/\/www.svwittmund.de\/wp23\/?p=283"},"modified":"2025-01-16T09:51:12","modified_gmt":"2025-01-16T08:51:12","slug":"e-center-doering-voller-erfolg","status":"publish","type":"post","link":"https:\/\/www.svwittmund.de\/wp23\/2025\/01\/16\/e-center-doering-voller-erfolg\/","title":{"rendered":"E-Center D\u00f6ring Wintercup voller Erfolg!"},"content":{"rendered":"\n<div class=\"wp-block-group is-nowrap is-layout-flex wp-container-core-group-is-layout-ad2f72ca wp-block-group-is-layout-flex\">\n<p>Die mittlerweile 12. Auflage des E-Center D\u00f6ring Wintercups ist schon wieder Geschichte. Aber voller Stolz blicken die Organisatoren auf das Wintercup-Wochenende zur\u00fcck. Viele gl\u00e4nzende Kinderaugen und Kicker die nur eines im Kopf hatten: Fu\u00dfball spielen und Spa\u00df haben. Daf\u00fcr lohnt es sich die  unz\u00e4hligen Stunde der Organisation zu opfern. Alle Helfer waren sich Sonntagabend beim Abschluss Getr\u00e4nk einig, wir machen auch den 13. Wintercup wieder zu einem tollen Hallenevent in Wittmund. Der Verein bedankt sich bei allen Helfern, Schiedsrichtern, den Eltern, die unz\u00e4hlige Kuchen gebacken haben und nat\u00fcrlich ganz besonders dem Sponsor, Daniel D\u00f6ring. <\/p>\n<\/div>\n\n\n\n<figure class=\"wp-block-image size-large is-resized\"><img loading=\"lazy\" decoding=\"async\" width=\"1024\" height=\"328\" src=\"https:\/\/www.svwittmund.de\/wp23\/wp-content\/uploads\/2025\/01\/wintercuplogo23-1024x328.png\" alt=\"\" class=\"wp-image-284\" style=\"width:381px;height:auto\" srcset=\"https:\/\/www.svwittmund.de\/wp23\/wp-content\/uploads\/2025\/01\/wintercuplogo23-1024x328.png 1024w, https:\/\/www.svwittmund.de\/wp23\/wp-content\/uploads\/2025\/01\/wintercuplogo23-300x96.png 300w, https:\/\/www.svwittmund.de\/wp23\/wp-content\/uploads\/2025\/01\/wintercuplogo23-768x246.png 768w, https:\/\/www.svwittmund.de\/wp23\/wp-content\/uploads\/2025\/01\/wintercuplogo23-1536x492.png 1536w, https:\/\/www.svwittmund.de\/wp23\/wp-content\/uploads\/2025\/01\/wintercuplogo23-2048x655.png 2048w, https:\/\/www.svwittmund.de\/wp23\/wp-content\/uploads\/2025\/01\/wintercuplogo23-228x73.png 228w\" sizes=\"auto, (max-width: 1024px) 100vw, 1024px\" \/><\/figure>\n","protected":false},"excerpt":{"rendered":"<p>Die mittlerweile 12. Auflage des E-Center D\u00f6ring Wintercups ist schon wieder Geschichte. Aber voller Stolz blicken die Organisatoren auf das Wintercup-Wochenende zur\u00fcck. Viele gl\u00e4nzende Kinderaugen und Kicker die nur eines &#8230;<\/p>\n","protected":false},"author":1,"featured_media":284,"comment_status":"open","ping_status":"open","sticky":false,"template":"","format":"standard","meta":{"footnotes":""},"categories":[1],"tags":[],"class_list":["post-283","post","type-post","status-publish","format-standard","has-post-thumbnail","hentry","category-allgemein"],"_links":{"self":[{"href":"https:\/\/www.svwittmund.de\/wp23\/wp-json\/wp\/v2\/posts\/283","targetHints":{"allow":["GET"]}}],"collection":[{"href":"https:\/\/www.svwittmund.de\/wp23\/wp-json\/wp\/v2\/posts"}],"about":[{"href":"https:\/\/www.svwittmund.de\/wp23\/wp-json\/wp\/v2\/types\/post"}],"author":[{"embeddable":true,"href":"https:\/\/www.svwittmund.de\/wp23\/wp-json\/wp\/v2\/users\/1"}],"replies":[{"embeddable":true,"href":"https:\/\/www.svwittmund.de\/wp23\/wp-json\/wp\/v2\/comments?post=283"}],"version-history":[{"count":8,"href":"https:\/\/www.svwittmund.de\/wp23\/wp-json\/wp\/v2\/posts\/283\/revisions"}],"predecessor-version":[{"id":293,"href":"https:\/\/www.svwittmund.de\/wp23\/wp-json\/wp\/v2\/posts\/283\/revisions\/293"}],"wp:featuredmedia":[{"embeddable":true,"href":"https:\/\/www.svwittmund.de\/wp23\/wp-json\/wp\/v2\/media\/284"}],"wp:attachment":[{"href":"https:\/\/www.svwittmund.de\/wp23\/wp-json\/wp\/v2\/media?parent=283"}],"wp:term":[{"taxonomy":"category","embeddable":true,"href":"https:\/\/www.svwittmund.de\/wp23\/wp-json\/wp\/v2\/categories?post=283"},{"taxonomy":"post_tag","embeddable":true,"href":"https:\/\/www.svwittmund.de\/wp23\/wp-json\/wp\/v2\/tags?post=283"}],"curies":[{"name":"wp","href":"https:\/\/api.w.org\/{rel}","templated":true}]}}