{"id":425,"date":"2025-01-16T19:47:38","date_gmt":"2025-01-16T18:47:38","guid":{"rendered":"https:\/\/www.svwittmund.de\/wp23\/?p=425"},"modified":"2025-01-26T18:52:59","modified_gmt":"2025-01-26T17:52:59","slug":"tischtennis-mini-meisterschaft-fuer-alle-kinder","status":"publish","type":"post","link":"https:\/\/www.svwittmund.de\/wp23\/2025\/01\/16\/tischtennis-mini-meisterschaft-fuer-alle-kinder\/","title":{"rendered":"Tischtennis Mini Meisterschaft f\u00fcr alle Kinder"},"content":{"rendered":"\n<div class=\"wp-block-media-text is-stacked-on-mobile\" style=\"grid-template-columns:40% auto\"><figure class=\"wp-block-media-text__media\"><img loading=\"lazy\" decoding=\"async\" width=\"576\" height=\"1024\" src=\"https:\/\/www.svwittmund.de\/wp23\/wp-content\/uploads\/2025\/01\/WhatsApp-Bild-2025-01-08-um-17.13.30_e9ad2eb1-576x1024.jpg\" alt=\"\" class=\"wp-image-426 size-full\" srcset=\"https:\/\/www.svwittmund.de\/wp23\/wp-content\/uploads\/2025\/01\/WhatsApp-Bild-2025-01-08-um-17.13.30_e9ad2eb1-576x1024.jpg 576w, https:\/\/www.svwittmund.de\/wp23\/wp-content\/uploads\/2025\/01\/WhatsApp-Bild-2025-01-08-um-17.13.30_e9ad2eb1-169x300.jpg 169w, https:\/\/www.svwittmund.de\/wp23\/wp-content\/uploads\/2025\/01\/WhatsApp-Bild-2025-01-08-um-17.13.30_e9ad2eb1-768x1365.jpg 768w, https:\/\/www.svwittmund.de\/wp23\/wp-content\/uploads\/2025\/01\/WhatsApp-Bild-2025-01-08-um-17.13.30_e9ad2eb1-864x1536.jpg 864w, https:\/\/www.svwittmund.de\/wp23\/wp-content\/uploads\/2025\/01\/WhatsApp-Bild-2025-01-08-um-17.13.30_e9ad2eb1-65x116.jpg 65w, https:\/\/www.svwittmund.de\/wp23\/wp-content\/uploads\/2025\/01\/WhatsApp-Bild-2025-01-08-um-17.13.30_e9ad2eb1.jpg 900w\" sizes=\"auto, (max-width: 576px) 100vw, 576px\" \/><\/figure><div class=\"wp-block-media-text__content\">\n<p style=\"font-size:18px\">Am 25.01.25 laden wir alle an Tischtennis interessierte Kinder ab dem Jahrgang 2012 oder j\u00fcnger zu uns in die BBS-Halle ein. Wir wollen mit euch einen tollen Tischtennistag verbringen. Vielleicht ist das genau der richtige Sport f\u00fcr euch, das w\u00fcrde uns n\u00e4mlich sehr freuen, da wir immer auf der Suche nach Nachwuchs sind. Komm doch einfach vorbei. Auch wenn du noch keinen eigenen Schl\u00e4ger hast kannst du kommen. Wir haben genug davon. Wir leihen euch einen. Meldet euch bei Christoph oder Herbert an! Bis bald!<\/p>\n<\/div><\/div>\n","protected":false},"excerpt":{"rendered":"<p>Am 25.01.25 laden wir alle an Tischtennis interessierte Kinder ab dem Jahrgang 2012 oder j\u00fcnger zu uns in die BBS-Halle ein. Wir wollen mit euch einen tollen Tischtennistag verbringen. Vielleicht &#8230;<\/p>\n","protected":false},"author":1,"featured_media":427,"comment_status":"open","ping_status":"open","sticky":false,"template":"","format":"standard","meta":{"footnotes":""},"categories":[1,13],"tags":[],"class_list":["post-425","post","type-post","status-publish","format-standard","has-post-thumbnail","hentry","category-allgemein","category-tischtennis"],"_links":{"self":[{"href":"https:\/\/www.svwittmund.de\/wp23\/wp-json\/wp\/v2\/posts\/425","targetHints":{"allow":["GET"]}}],"collection":[{"href":"https:\/\/www.svwittmund.de\/wp23\/wp-json\/wp\/v2\/posts"}],"about":[{"href":"https:\/\/www.svwittmund.de\/wp23\/wp-json\/wp\/v2\/types\/post"}],"author":[{"embeddable":true,"href":"https:\/\/www.svwittmund.de\/wp23\/wp-json\/wp\/v2\/users\/1"}],"replies":[{"embeddable":true,"href":"https:\/\/www.svwittmund.de\/wp23\/wp-json\/wp\/v2\/comments?post=425"}],"version-history":[{"count":1,"href":"https:\/\/www.svwittmund.de\/wp23\/wp-json\/wp\/v2\/posts\/425\/revisions"}],"predecessor-version":[{"id":428,"href":"https:\/\/www.svwittmund.de\/wp23\/wp-json\/wp\/v2\/posts\/425\/revisions\/428"}],"wp:featuredmedia":[{"embeddable":true,"href":"https:\/\/www.svwittmund.de\/wp23\/wp-json\/wp\/v2\/media\/427"}],"wp:attachment":[{"href":"https:\/\/www.svwittmund.de\/wp23\/wp-json\/wp\/v2\/media?parent=425"}],"wp:term":[{"taxonomy":"category","embeddable":true,"href":"https:\/\/www.svwittmund.de\/wp23\/wp-json\/wp\/v2\/categories?post=425"},{"taxonomy":"post_tag","embeddable":true,"href":"https:\/\/www.svwittmund.de\/wp23\/wp-json\/wp\/v2\/tags?post=425"}],"curies":[{"name":"wp","href":"https:\/\/api.w.org\/{rel}","templated":true}]}}