{"id":681,"date":"2025-02-11T09:20:46","date_gmt":"2025-02-11T08:20:46","guid":{"rendered":"https:\/\/www.svwittmund.de\/wp23\/?p=681"},"modified":"2025-02-11T12:17:24","modified_gmt":"2025-02-11T11:17:24","slug":"neuer-vereinsbulli","status":"publish","type":"post","link":"https:\/\/www.svwittmund.de\/wp23\/2025\/02\/11\/neuer-vereinsbulli\/","title":{"rendered":"Neuer Vereinsbulli"},"content":{"rendered":"\n<p style=\"font-size:19px\">Wir freuen uns, euch mitteilen zu k\u00f6nnen, dass wir nach einer l\u00e4ngeren Pause endlich wieder einen Vereinsbulli haben! Auch wenn es sich um einen Opel Vivaro handelt und nicht um einen klassischen Bulli, nennen wir ihn der Einfachheit halber einfach unseren Vereinsbulli.<\/p>\n\n\n\n<p style=\"font-size:19px\">Der Bulli sieht derzeit noch ganz jungfr\u00e4ulich aus, wird aber in naher Zukunft mit unserem Vereinslogo und den Logos unserer Werbepartner beklebt. Ab sofort kann er wieder f\u00fcr sportliche Veranstaltungen von den Trainern und Betreuern der Mannschaften gebucht werden.<\/p>\n\n\n\n<p style=\"font-size:19px\">Um zu pr\u00fcfen, ob der Bulli am gew\u00fcnschten Termin verf\u00fcgbar ist, schaut einfach unter dem Link \u201e<a href=\"https:\/\/www.svwittmund.de\/wp23\/bullikalender\/\">Bullikalender<\/a>\u201c im Men\u00fc nach. Wir freuen uns auf viele gemeinsame Fahrten!<\/p>\n\n\n\n<figure class=\"wp-block-image size-large\"><img loading=\"lazy\" decoding=\"async\" width=\"1024\" height=\"726\" src=\"https:\/\/www.svwittmund.de\/wp23\/wp-content\/uploads\/2025\/02\/bulli-1024x726.jpg\" alt=\"\" class=\"wp-image-683\" srcset=\"https:\/\/www.svwittmund.de\/wp23\/wp-content\/uploads\/2025\/02\/bulli-1024x726.jpg 1024w, https:\/\/www.svwittmund.de\/wp23\/wp-content\/uploads\/2025\/02\/bulli-300x213.jpg 300w, https:\/\/www.svwittmund.de\/wp23\/wp-content\/uploads\/2025\/02\/bulli-768x545.jpg 768w, https:\/\/www.svwittmund.de\/wp23\/wp-content\/uploads\/2025\/02\/bulli-1536x1089.jpg 1536w, https:\/\/www.svwittmund.de\/wp23\/wp-content\/uploads\/2025\/02\/bulli.jpg 1548w\" sizes=\"auto, (max-width: 1024px) 100vw, 1024px\" \/><\/figure>\n","protected":false},"excerpt":{"rendered":"<p>Wir freuen uns, euch mitteilen zu k\u00f6nnen, dass wir nach einer l\u00e4ngeren Pause endlich wieder einen Vereinsbulli haben! Auch wenn es sich um einen Opel Vivaro handelt und nicht um &#8230;<\/p>\n","protected":false},"author":1,"featured_media":683,"comment_status":"closed","ping_status":"open","sticky":false,"template":"","format":"standard","meta":{"footnotes":""},"categories":[1],"tags":[],"class_list":["post-681","post","type-post","status-publish","format-standard","has-post-thumbnail","hentry","category-allgemein"],"_links":{"self":[{"href":"https:\/\/www.svwittmund.de\/wp23\/wp-json\/wp\/v2\/posts\/681","targetHints":{"allow":["GET"]}}],"collection":[{"href":"https:\/\/www.svwittmund.de\/wp23\/wp-json\/wp\/v2\/posts"}],"about":[{"href":"https:\/\/www.svwittmund.de\/wp23\/wp-json\/wp\/v2\/types\/post"}],"author":[{"embeddable":true,"href":"https:\/\/www.svwittmund.de\/wp23\/wp-json\/wp\/v2\/users\/1"}],"replies":[{"embeddable":true,"href":"https:\/\/www.svwittmund.de\/wp23\/wp-json\/wp\/v2\/comments?post=681"}],"version-history":[{"count":9,"href":"https:\/\/www.svwittmund.de\/wp23\/wp-json\/wp\/v2\/posts\/681\/revisions"}],"predecessor-version":[{"id":705,"href":"https:\/\/www.svwittmund.de\/wp23\/wp-json\/wp\/v2\/posts\/681\/revisions\/705"}],"wp:featuredmedia":[{"embeddable":true,"href":"https:\/\/www.svwittmund.de\/wp23\/wp-json\/wp\/v2\/media\/683"}],"wp:attachment":[{"href":"https:\/\/www.svwittmund.de\/wp23\/wp-json\/wp\/v2\/media?parent=681"}],"wp:term":[{"taxonomy":"category","embeddable":true,"href":"https:\/\/www.svwittmund.de\/wp23\/wp-json\/wp\/v2\/categories?post=681"},{"taxonomy":"post_tag","embeddable":true,"href":"https:\/\/www.svwittmund.de\/wp23\/wp-json\/wp\/v2\/tags?post=681"}],"curies":[{"name":"wp","href":"https:\/\/api.w.org\/{rel}","templated":true}]}}