{"id":765,"date":"2025-02-20T11:37:56","date_gmt":"2025-02-20T10:37:56","guid":{"rendered":"https:\/\/www.svwittmund.de\/wp23\/?p=765"},"modified":"2025-02-20T11:40:58","modified_gmt":"2025-02-20T10:40:58","slug":"wittmunder-damen-erfolgreich-bei-futsalmeisterschaft","status":"publish","type":"post","link":"https:\/\/www.svwittmund.de\/wp23\/2025\/02\/20\/wittmunder-damen-erfolgreich-bei-futsalmeisterschaft\/","title":{"rendered":"Wittmunder Damen erfolgreich bei Futsalmeisterschaft"},"content":{"rendered":"\n<p style=\"font-size:19px\">Am 15.02.25 traten die Damenmannschaft rund um G\u00fcnther Schindler im Finale der Futsal Ostfrieslandmeisterschaft an. In Hesel mussten sie sich gegen die besten aus der zweiten Staffel, sowie bekannte Gegner aus der ersten Staffel behaupten. Gleich im ersten Spiel war der Gegner SV Borussia Leer. Nach zw\u00f6lf Minuten hie\u00df es: Sieg! 1:0 f\u00fcr den SV Wittmund durch Annika Bu\u00df. Das zweite Spiel lief daf\u00fcr nicht nach Plan. Die Damen kassierten das einzige Gegentor in der Finalrunde und verloren das Spiel gegen den TSV Ostrhauderfehn 1:0.<br>Es folgten ein 0:0 gegen Germania Wiesmoor und ein 1:0 Sieg gegen Stikelkamp.<br>Das Siegtor erzielte hier ebenfalls Annika Bu\u00df.<br>Es konnte nicht spannender sein. Im letzten Spiel hie\u00df es: \u201eWenn wir gen\u00fcgend Tore erzielen k\u00f6nnen, sind wir Meister!\u201c<br>Doch auch die Tore von Wioletta Drygas und Annika Bu\u00df gegen Ockenhausen\/Hesel\/Schwerinsdorf haben leider nicht gereicht. Am Ende sind die Damen punktgleich mit dem SV Borussia Leer. Nur aufgrund des schlechteren Torverh\u00e4ltnisses sind die Damen Vizemeister. Schlussendlich k\u00f6nnen die Damen trotzdem stolz sein, denn w\u00e4hrend alle anderen Mannschaften durchgehend wechseln konnten, sind sie mit sechs Spielerinnen angetreten.<\/p>\n\n\n\n<figure class=\"wp-block-image size-large\"><img decoding=\"async\" src=\"https:\/\/www.svwittmund.de\/wp23\/wp-content\/uploads\/2025\/02\/damenfutsal-1024x896.jpg\" alt=\"\" class=\"wp-image-766\"\/><\/figure>\n\n\n\n<p>Bild: v.l. G\u00fcnther Schindler, Wioletta Drygas, Denise Garnatz, Kea Krull, Lara Zimmermann<br>untere Reihe: v.l. Annika Bu\u1e9e,&nbsp;Insa&nbsp;de&nbsp;Buhr<\/p>\n","protected":false},"excerpt":{"rendered":"<p>Am 15.02.25 traten die Damenmannschaft rund um G\u00fcnther Schindler im Finale der Futsal Ostfrieslandmeisterschaft an. In Hesel mussten sie sich gegen die besten aus der zweiten Staffel, sowie bekannte Gegner &#8230;<\/p>\n","protected":false},"author":1,"featured_media":768,"comment_status":"closed","ping_status":"open","sticky":false,"template":"","format":"standard","meta":{"footnotes":""},"categories":[20],"tags":[],"class_list":["post-765","post","type-post","status-publish","format-standard","has-post-thumbnail","hentry","category-damen"],"_links":{"self":[{"href":"https:\/\/www.svwittmund.de\/wp23\/wp-json\/wp\/v2\/posts\/765","targetHints":{"allow":["GET"]}}],"collection":[{"href":"https:\/\/www.svwittmund.de\/wp23\/wp-json\/wp\/v2\/posts"}],"about":[{"href":"https:\/\/www.svwittmund.de\/wp23\/wp-json\/wp\/v2\/types\/post"}],"author":[{"embeddable":true,"href":"https:\/\/www.svwittmund.de\/wp23\/wp-json\/wp\/v2\/users\/1"}],"replies":[{"embeddable":true,"href":"https:\/\/www.svwittmund.de\/wp23\/wp-json\/wp\/v2\/comments?post=765"}],"version-history":[{"count":2,"href":"https:\/\/www.svwittmund.de\/wp23\/wp-json\/wp\/v2\/posts\/765\/revisions"}],"predecessor-version":[{"id":769,"href":"https:\/\/www.svwittmund.de\/wp23\/wp-json\/wp\/v2\/posts\/765\/revisions\/769"}],"wp:featuredmedia":[{"embeddable":true,"href":"https:\/\/www.svwittmund.de\/wp23\/wp-json\/wp\/v2\/media\/768"}],"wp:attachment":[{"href":"https:\/\/www.svwittmund.de\/wp23\/wp-json\/wp\/v2\/media?parent=765"}],"wp:term":[{"taxonomy":"category","embeddable":true,"href":"https:\/\/www.svwittmund.de\/wp23\/wp-json\/wp\/v2\/categories?post=765"},{"taxonomy":"post_tag","embeddable":true,"href":"https:\/\/www.svwittmund.de\/wp23\/wp-json\/wp\/v2\/tags?post=765"}],"curies":[{"name":"wp","href":"https:\/\/api.w.org\/{rel}","templated":true}]}}