{"id":786,"date":"2025-03-02T17:40:28","date_gmt":"2025-03-02T16:40:28","guid":{"rendered":"https:\/\/www.svwittmund.de\/wp23\/?p=786"},"modified":"2025-03-02T17:40:28","modified_gmt":"2025-03-02T16:40:28","slug":"helferteam-beim-sv-werder-bremen","status":"publish","type":"post","link":"https:\/\/www.svwittmund.de\/wp23\/2025\/03\/02\/helferteam-beim-sv-werder-bremen\/","title":{"rendered":"Helferteam beim SV Werder Bremen"},"content":{"rendered":"\n<p>Das Werder Bremen CampOnTour-Event ist schon wieder ein halbes Jahr her. Jetzt \u00fcberraschte uns die Fu\u00dfballschule mit der Einladung zu dem Heimspiel gegen den VfL Wolfsburg. Der Verein hat 10 Freikarten f\u00fcr das Spiel bekommen. Flux wurde eine Abfrage erstellt und es fanden sich 9 Mitfahrer aus dem damaligen Helferteam, die sich das nicht entgehen lassen wollten. Es wurde zeitig angereist, so das man noch ein sch\u00f6nes Mittagessen im Bremer Stadtteil Schnoor zu sich nehmen konnte. Um 14.30 Uhr erfolgte das am Stadion die Karten\u00fcbergabe und das obligatorische Foto mit David Schmieg von der Fu\u00dfballschule. Fu\u00dfballerisch bot der SV Werder Bremen allerdings kein sch\u00f6nes Spiel. Aber insgesamt war die Wertsch\u00e4tzung angekommen und alle hatten einen sch\u00f6nen Tag in Bremen. <\/p>\n\n\n\n<figure class=\"wp-block-image size-large\"><img loading=\"lazy\" decoding=\"async\" width=\"1024\" height=\"646\" src=\"https:\/\/www.svwittmund.de\/wp23\/wp-content\/uploads\/2025\/03\/WhatsApp-Bild-2025-03-01-um-14.52.29_77a786ef-1024x646.jpg\" alt=\"\" class=\"wp-image-787\" srcset=\"https:\/\/www.svwittmund.de\/wp23\/wp-content\/uploads\/2025\/03\/WhatsApp-Bild-2025-03-01-um-14.52.29_77a786ef-1024x646.jpg 1024w, https:\/\/www.svwittmund.de\/wp23\/wp-content\/uploads\/2025\/03\/WhatsApp-Bild-2025-03-01-um-14.52.29_77a786ef-300x189.jpg 300w, https:\/\/www.svwittmund.de\/wp23\/wp-content\/uploads\/2025\/03\/WhatsApp-Bild-2025-03-01-um-14.52.29_77a786ef-768x485.jpg 768w, https:\/\/www.svwittmund.de\/wp23\/wp-content\/uploads\/2025\/03\/WhatsApp-Bild-2025-03-01-um-14.52.29_77a786ef-1536x969.jpg 1536w, https:\/\/www.svwittmund.de\/wp23\/wp-content\/uploads\/2025\/03\/WhatsApp-Bild-2025-03-01-um-14.52.29_77a786ef.jpg 2048w\" sizes=\"auto, (max-width: 1024px) 100vw, 1024px\" \/><\/figure>\n","protected":false},"excerpt":{"rendered":"<p>Das Werder Bremen CampOnTour-Event ist schon wieder ein halbes Jahr her. Jetzt \u00fcberraschte uns die Fu\u00dfballschule mit der Einladung zu dem Heimspiel gegen den VfL Wolfsburg. Der Verein hat 10 &#8230;<\/p>\n","protected":false},"author":1,"featured_media":787,"comment_status":"closed","ping_status":"open","sticky":false,"template":"","format":"standard","meta":{"footnotes":""},"categories":[1],"tags":[],"class_list":["post-786","post","type-post","status-publish","format-standard","has-post-thumbnail","hentry","category-allgemein"],"_links":{"self":[{"href":"https:\/\/www.svwittmund.de\/wp23\/wp-json\/wp\/v2\/posts\/786","targetHints":{"allow":["GET"]}}],"collection":[{"href":"https:\/\/www.svwittmund.de\/wp23\/wp-json\/wp\/v2\/posts"}],"about":[{"href":"https:\/\/www.svwittmund.de\/wp23\/wp-json\/wp\/v2\/types\/post"}],"author":[{"embeddable":true,"href":"https:\/\/www.svwittmund.de\/wp23\/wp-json\/wp\/v2\/users\/1"}],"replies":[{"embeddable":true,"href":"https:\/\/www.svwittmund.de\/wp23\/wp-json\/wp\/v2\/comments?post=786"}],"version-history":[{"count":1,"href":"https:\/\/www.svwittmund.de\/wp23\/wp-json\/wp\/v2\/posts\/786\/revisions"}],"predecessor-version":[{"id":788,"href":"https:\/\/www.svwittmund.de\/wp23\/wp-json\/wp\/v2\/posts\/786\/revisions\/788"}],"wp:featuredmedia":[{"embeddable":true,"href":"https:\/\/www.svwittmund.de\/wp23\/wp-json\/wp\/v2\/media\/787"}],"wp:attachment":[{"href":"https:\/\/www.svwittmund.de\/wp23\/wp-json\/wp\/v2\/media?parent=786"}],"wp:term":[{"taxonomy":"category","embeddable":true,"href":"https:\/\/www.svwittmund.de\/wp23\/wp-json\/wp\/v2\/categories?post=786"},{"taxonomy":"post_tag","embeddable":true,"href":"https:\/\/www.svwittmund.de\/wp23\/wp-json\/wp\/v2\/tags?post=786"}],"curies":[{"name":"wp","href":"https:\/\/api.w.org\/{rel}","templated":true}]}}