{"id":796,"date":"2025-03-14T11:51:26","date_gmt":"2025-03-14T10:51:26","guid":{"rendered":"https:\/\/www.svwittmund.de\/wp23\/?p=796"},"modified":"2025-03-14T12:05:41","modified_gmt":"2025-03-14T11:05:41","slug":"vorstand-neu-gewaehlt","status":"publish","type":"post","link":"https:\/\/www.svwittmund.de\/wp23\/2025\/03\/14\/vorstand-neu-gewaehlt\/","title":{"rendered":"Vorstand neu gew\u00e4hlt"},"content":{"rendered":"\n<p>Am 13. M\u00e4rz 2025 fand im Vereinsheim die turnusm\u00e4\u00dfige Mitgliederversammlung des SV Wittmund statt. In einer angenehmen Atmosph\u00e4re wurden spannende Berichte aus allen Sparten pr\u00e4sentiert.<\/p>\n\n\n\n<p>Positive Entwicklungen in den Sparten<\/p>\n\n\n\n<p>Besonders hervorzuheben ist die neu gegr\u00fcndete Dartssparte, die einen beeindruckenden Mitgliederzuwachs verzeichnet und sich bereits erfolgreich in der Liga etabliert hat. Auch die Badmintonsparte wird in der kommenden Saison in den Spielbetrieb einsteigen, und der Trainingsbetrieb erfreut sich einer sehr guten Beteiligung.<\/p>\n\n\n\n<p>Der 1. Vorsitzende konnte stolz verk\u00fcnden, dass die Mitgliederzahl im letzten Jahr die Schallmauer von 500 \u00fcberschritten hat \u2013 ein klarer Beweis f\u00fcr die hervorragende Arbeit in den verschiedenen Sparten.<\/p>\n\n\n\n<p>Im Jugendbereich der Fu\u00dfballsparte sind die Trainer und Betreuer \u00e4u\u00dferst engagiert, was sich in den Erfolgen und den steigenden Mitgliederzahlen widerspiegelt. Insgesamt zeigt sich der Verein mit der Entwicklung sehr zufrieden.<\/p>\n\n\n\n<p>Neuwahlen des Vorstands<\/p>\n\n\n\n<p>Im Rahmen der Versammlung wurde der Vorstand nach der zweij\u00e4hrigen Legislaturperiode neu gew\u00e4hlt. Der neue Vorstand setzt sich zusammen aus:<br>&#8211; Christian Pree (1. Vorsitzender)<br>&#8211; Patrick Schmerder (2. Vorsitzender)<br>&#8211; Insa de Buhr (3. Vorsitzende)<\/p>\n\n\n\n<p>Die F\u00fchrung wird erg\u00e4nzt durch den alten und neuen Gesch\u00e4ftsf\u00fchrer Michael Einnolf sowie den Fu\u00dfballobmann Thorsten Suschlik und den Kassenwart Udo Manott. Neuer Jugendleiter ist Stefan Richter, und die Spartenleiter wurden allesamt wiedergew\u00e4hlt.<\/p>\n\n\n\n<p>Geselliges Beisammensein<\/p>\n\n\n\n<p>Nach dem offiziellen Teil der Versammlung gab es einen geselligen Ausklang mit angeregten Gespr\u00e4chen und Fachsimpelei.<\/p>\n\n\n\n<p>Wir danken allen Mitgliedern f\u00fcr ihr Engagement und freuen uns auf eine erfolgreiche Saison!<\/p>\n\n\n\n<figure class=\"wp-block-image size-full\"><img loading=\"lazy\" decoding=\"async\" width=\"1000\" height=\"429\" src=\"https:\/\/www.svwittmund.de\/wp23\/wp-content\/uploads\/2025\/03\/vorstand25.jpg\" alt=\"\" class=\"wp-image-797\" srcset=\"https:\/\/www.svwittmund.de\/wp23\/wp-content\/uploads\/2025\/03\/vorstand25.jpg 1000w, https:\/\/www.svwittmund.de\/wp23\/wp-content\/uploads\/2025\/03\/vorstand25-300x129.jpg 300w, https:\/\/www.svwittmund.de\/wp23\/wp-content\/uploads\/2025\/03\/vorstand25-768x329.jpg 768w\" sizes=\"auto, (max-width: 1000px) 100vw, 1000px\" \/><\/figure>\n\n\n\n<p>Auf dem Bild von Links: Helge Franzisky (Schach), Steven Solomon (Darts), Christian Pree, Peddy Schmerder, Udo Manott, Insa de Buhr, Michael Einnolf und Thorsten Suschlik.<\/p>\n","protected":false},"excerpt":{"rendered":"<p>Am 13. M\u00e4rz 2025 fand im Vereinsheim die turnusm\u00e4\u00dfige Mitgliederversammlung des SV Wittmund statt. In einer angenehmen Atmosph\u00e4re wurden spannende Berichte aus allen Sparten pr\u00e4sentiert. Positive Entwicklungen in den Sparten &#8230;<\/p>\n","protected":false},"author":1,"featured_media":797,"comment_status":"closed","ping_status":"open","sticky":false,"template":"","format":"standard","meta":{"footnotes":""},"categories":[1],"tags":[],"class_list":["post-796","post","type-post","status-publish","format-standard","has-post-thumbnail","hentry","category-allgemein"],"_links":{"self":[{"href":"https:\/\/www.svwittmund.de\/wp23\/wp-json\/wp\/v2\/posts\/796","targetHints":{"allow":["GET"]}}],"collection":[{"href":"https:\/\/www.svwittmund.de\/wp23\/wp-json\/wp\/v2\/posts"}],"about":[{"href":"https:\/\/www.svwittmund.de\/wp23\/wp-json\/wp\/v2\/types\/post"}],"author":[{"embeddable":true,"href":"https:\/\/www.svwittmund.de\/wp23\/wp-json\/wp\/v2\/users\/1"}],"replies":[{"embeddable":true,"href":"https:\/\/www.svwittmund.de\/wp23\/wp-json\/wp\/v2\/comments?post=796"}],"version-history":[{"count":2,"href":"https:\/\/www.svwittmund.de\/wp23\/wp-json\/wp\/v2\/posts\/796\/revisions"}],"predecessor-version":[{"id":801,"href":"https:\/\/www.svwittmund.de\/wp23\/wp-json\/wp\/v2\/posts\/796\/revisions\/801"}],"wp:featuredmedia":[{"embeddable":true,"href":"https:\/\/www.svwittmund.de\/wp23\/wp-json\/wp\/v2\/media\/797"}],"wp:attachment":[{"href":"https:\/\/www.svwittmund.de\/wp23\/wp-json\/wp\/v2\/media?parent=796"}],"wp:term":[{"taxonomy":"category","embeddable":true,"href":"https:\/\/www.svwittmund.de\/wp23\/wp-json\/wp\/v2\/categories?post=796"},{"taxonomy":"post_tag","embeddable":true,"href":"https:\/\/www.svwittmund.de\/wp23\/wp-json\/wp\/v2\/tags?post=796"}],"curies":[{"name":"wp","href":"https:\/\/api.w.org\/{rel}","templated":true}]}}