{"id":882,"date":"2025-08-17T19:43:09","date_gmt":"2025-08-17T17:43:09","guid":{"rendered":"https:\/\/www.svwittmund.de\/wp23\/?p=882"},"modified":"2025-08-17T20:01:54","modified_gmt":"2025-08-17T18:01:54","slug":"kochs-fahrradwelt-cup-begeisterte-kleine-kicker-und-grosse-fans","status":"publish","type":"post","link":"https:\/\/www.svwittmund.de\/wp23\/2025\/08\/17\/kochs-fahrradwelt-cup-begeisterte-kleine-kicker-und-grosse-fans\/","title":{"rendered":"Koch\u2019s Fahrradwelt Cup begeisterte kleine Kicker und gro\u00dfe Fans"},"content":{"rendered":"\n<p>Strahlende Gesichter, spannende Spiele und jede Menge Tore \u2013 der Koch\u2019s Fahrradwelt Cup am vergangenen Wochenende war ein echtes Fu\u00dfballfest f\u00fcr Gro\u00df und Klein.<\/p>\n\n\n\n<p>Von der ersten Minute an herrschte in Isums eine tolle Atmosph\u00e4re: Die jungen Spielerinnen und Spieler liefen mit leuchtenden Augen auf den Platz, angefeuert von jubelnden Eltern, Geschwistern und Freunden. Egal ob Sieg oder Niederlage \u2013 der Teamgeist stand im Mittelpunkt, und die Kinder zeigten mit gro\u00dfem Einsatz, wie viel Freude Fu\u00dfball machen kann.<\/p>\n\n\n\n<p>Die Zuschauer erlebten packende Duelle, sehenswerte Treffer und auch so manche kleine Sensation, wenn Au\u00dfenseiterteams \u00fcber sich hinauswuchsen.<\/p>\n\n\n\n<p>Auch abseits der Spiele war einiges geboten: Ein leckeres Kuchenbuffet, W\u00fcrstchen vom Grill und erfrischende Getr\u00e4nke sorgten daf\u00fcr, dass niemand hungrig oder durstig nach Hause ging. Die Organisation lief reibungslos \u2013 daf\u00fcr gab es am Ende genauso viel Applaus wie f\u00fcr die jungen Kicker.<\/p>\n\n\n\n<p>Am Schluss gab es Pokale und Medaillen f\u00fcr alle Teams, denn alle waren an diesem Wochenende auch Gewinner. Die Kinder gingen mit gl\u00e4nzenden Augen vom Platz, getragen von dem stolzen L\u00e4cheln ihrer Eltern.<\/p>\n\n\n\n<p>Schon jetzt freuen sich alle Beteiligten auf die n\u00e4chste Auflage des Koch\u2019s Fahrradwelt Cups \u2013 denn nach diesem Wochenende ist klar: Fu\u00dfball verbindet und begeistert, egal wie alt man ist.<\/p>\n\n\n\n<p>Die Jugendabteilung des SV Wittmunds bedankt sich f\u00fcr die Unterst\u00fctzung von Sebastian Koch und bei allen Helferinnen und Helfern f\u00fcr die tatkr\u00e4ftige Unterst\u00fctzung.<\/p>\n\n\n\n<p>Eure Jugendabteilung des SV Wittmunds&nbsp;\ud83d\udc99\ud83d\udc9b<\/p>\n\n\n\n<figure class=\"wp-block-image size-full\"><img loading=\"lazy\" decoding=\"async\" width=\"1000\" height=\"329\" src=\"https:\/\/www.svwittmund.de\/wp23\/wp-content\/uploads\/2025\/08\/koch001.jpg\" alt=\"\" class=\"wp-image-883\" srcset=\"https:\/\/www.svwittmund.de\/wp23\/wp-content\/uploads\/2025\/08\/koch001.jpg 1000w, https:\/\/www.svwittmund.de\/wp23\/wp-content\/uploads\/2025\/08\/koch001-300x99.jpg 300w, https:\/\/www.svwittmund.de\/wp23\/wp-content\/uploads\/2025\/08\/koch001-768x253.jpg 768w\" sizes=\"auto, (max-width: 1000px) 100vw, 1000px\" \/><\/figure>\n","protected":false},"excerpt":{"rendered":"<p>Strahlende Gesichter, spannende Spiele und jede Menge Tore \u2013 der Koch\u2019s Fahrradwelt Cup am vergangenen Wochenende war ein echtes Fu\u00dfballfest f\u00fcr Gro\u00df und Klein. Von der ersten Minute an herrschte &#8230;<\/p>\n","protected":false},"author":1,"featured_media":883,"comment_status":"closed","ping_status":"open","sticky":false,"template":"","format":"standard","meta":{"footnotes":""},"categories":[1],"tags":[],"class_list":["post-882","post","type-post","status-publish","format-standard","has-post-thumbnail","hentry","category-allgemein"],"_links":{"self":[{"href":"https:\/\/www.svwittmund.de\/wp23\/wp-json\/wp\/v2\/posts\/882","targetHints":{"allow":["GET"]}}],"collection":[{"href":"https:\/\/www.svwittmund.de\/wp23\/wp-json\/wp\/v2\/posts"}],"about":[{"href":"https:\/\/www.svwittmund.de\/wp23\/wp-json\/wp\/v2\/types\/post"}],"author":[{"embeddable":true,"href":"https:\/\/www.svwittmund.de\/wp23\/wp-json\/wp\/v2\/users\/1"}],"replies":[{"embeddable":true,"href":"https:\/\/www.svwittmund.de\/wp23\/wp-json\/wp\/v2\/comments?post=882"}],"version-history":[{"count":6,"href":"https:\/\/www.svwittmund.de\/wp23\/wp-json\/wp\/v2\/posts\/882\/revisions"}],"predecessor-version":[{"id":890,"href":"https:\/\/www.svwittmund.de\/wp23\/wp-json\/wp\/v2\/posts\/882\/revisions\/890"}],"wp:featuredmedia":[{"embeddable":true,"href":"https:\/\/www.svwittmund.de\/wp23\/wp-json\/wp\/v2\/media\/883"}],"wp:attachment":[{"href":"https:\/\/www.svwittmund.de\/wp23\/wp-json\/wp\/v2\/media?parent=882"}],"wp:term":[{"taxonomy":"category","embeddable":true,"href":"https:\/\/www.svwittmund.de\/wp23\/wp-json\/wp\/v2\/categories?post=882"},{"taxonomy":"post_tag","embeddable":true,"href":"https:\/\/www.svwittmund.de\/wp23\/wp-json\/wp\/v2\/tags?post=882"}],"curies":[{"name":"wp","href":"https:\/\/api.w.org\/{rel}","templated":true}]}}